{"id":381,"date":"2018-10-19T12:00:08","date_gmt":"2018-10-19T15:00:08","guid":{"rendered":"https:\/\/encadenar.com.ar\/wp\/?p=381"},"modified":"2018-11-05T15:08:51","modified_gmt":"2018-11-05T18:08:51","slug":"mas-de-50-pymes-participaron-de-la-1er-ronda-de-negocios-del-compra-pyme","status":"publish","type":"post","link":"https:\/\/encadenar.com.ar\/wp\/mas-de-50-pymes-participaron-de-la-1er-ronda-de-negocios-del-compra-pyme\/","title":{"rendered":"M\u00e1s de 50 pymes en la 1er ronda de negocios de \u201cCompr\u00e1 Pyme\u201d"},"content":{"rendered":"<p>En el <a href=\"http:\/\/www.cultura.laplata.gov.ar\/lugar\/centro-cultural-pasaje-dardo-rocha\" target=\"_blank\" rel=\"noopener\">Pasaje Dardo Rocha<\/a> se realiz\u00f3 la 1er <a href=\"https:\/\/encadenar.com.ar\/wp\/category\/ronda-de-negocios\/\" target=\"_blank\" rel=\"noopener\">Ronda de Negocios<\/a> del programa provincial \u201c<a href=\"https:\/\/www.gba.gob.ar\/produccion\/area_de_trabajo\/programa_compra_pyme\" target=\"_blank\" rel=\"noopener\">Compr\u00e1 PyME<\/a>\u201d, que cont\u00f3 con m\u00e1s de 50 pymes y 12 cadenas de supermercados.<\/p>\n<p><!--more--><\/p>\n<p>La actividad, organizada por el <a href=\"https:\/\/www.gba.gob.ar\/produccion\" target=\"_blank\" rel=\"noopener\">ministerio de Producci\u00f3n de la Provincia<\/a> de Buenos Aires y la <a href=\"https:\/\/www.gba.gob.ar\/produccion\" target=\"_blank\" rel=\"noopener\">Municipalidad de La Plata<\/a>, que acudieron adem\u00e1s representantes de los bancos Ciudad y Provincia para ofrecer sus l\u00edneas de financiamiento productivo, tiene como objetivos mejorar la comercializaci\u00f3n y promoci\u00f3n de los productos de la Regi\u00f3n.<\/p>\n<p>\u201cLa ronda de negocios fue un \u00e9xito. Estos encuentros son reflejo del trabajo que venimos realizando para vincular a las empresas chicas con las m\u00e1s grandes\u201d, asegur\u00f3 <a href=\"https:\/\/twitter.com\/tizadojavier?lang=es\">Tizado<\/a>. Y agreg\u00f3: \u201cEl estado tiene que estar presente, es lo que nos pide siempre la Gobernadora Vidal, porque hay muchas herramientas que los empresarios desconocen, y que son importantes para facilitar e impulsar su crecimiento\u201d.<\/p>\n<p>En ese sentido, concurrieron productores de Quilmes, Lan\u00fas, Bah\u00eda Blanca, La Plata, San Mart\u00edn, General Pueyrred\u00f3n, Campana, Chivilcoy, Lobos, Luj\u00e1n, San Isidro, Marcos Paz, Tigre, Alberti, Vicente L\u00f3pez, Lomas de Zamora, Coronel Pringles, San Pedro, San Miguel, Tres de Febrero, San Antonio de Areco, Monte, Malvinas Argentinas y San Fernando.<\/p>\n<p>Los supermercados Banderita, de Bah\u00eda Blanca; Cooperativa La Amistad, de La Plata; Actual Las Flores y Actual Bolivar, rubricaron su adhesi\u00f3n al programa y sumar\u00e1n sus sucursales a las m\u00e1s de 600 (divididas entre las marcas <a href=\"https:\/\/www.carrefour.com.ar\/\" target=\"_blank\" rel=\"noopener\">Carrefour<\/a>, <a href=\"http:\/\/www.nini.com.ar\/\" target=\"_blank\" rel=\"noopener\">Nini<\/a>, <a href=\"https:\/\/www.walmart.com.ar\/\" target=\"_blank\" rel=\"noopener\">Wal Mart<\/a>, <a href=\"https:\/\/www.supermercadosdia.com.ar\/\" target=\"_blank\" rel=\"noopener\">D\u00eda<\/a>%, <a href=\"http:\/\/www.laanonima.com.ar\/\">La An\u00f3nima<\/a>, <a href=\"http:\/\/www.supertoledo.com\/\">Toledo<\/a>, <a href=\"https:\/\/www.jumbo.com.ar\/\">Jumbo<\/a>, Disco, VEA, Coto y la Cooperativa Obrera) que actualmente est\u00e1n participando.<\/p>\n<p>Asimismo, se ofreci\u00f3 la posibilidad a los productores presentes de participar de las<a href=\"https:\/\/www.argentina.gob.ar\/elmercadoentubarrio\" target=\"_blank\" rel=\"noopener\"> ferias del Mercado en tu Barri<\/a>o, que tambi\u00e9n est\u00e1n diseminadas por el territorio bonaerense.<\/p>\n<p>\u201cEl Compr\u00e1 PyMe sigue creciendo y creemos que todav\u00eda no alcanz\u00f3 su techo. Ya colocamos m\u00e1s de 250 productos de 50 peque\u00f1as y medianas empresas bonaerenses en las grandes superficies comerciales instaladas en la Provincia, con el objetivo de triplicar ese n\u00famero\u201d, se\u00f1al\u00f3 el titular de la cartera de Producci\u00f3n.<\/p>\n<p>Por su parte, el secretario de Producci\u00f3n del municipio platense, <a href=\"https:\/\/twitter.com\/rogelioblesa?lang=es\" target=\"_blank\" rel=\"noopener\">Rogelio Blesa<\/a> expres\u00f3 \u00abEs un orgullo ser anfitriones de este programa tan importante para el crecimiento de las pymes, as\u00ed como el hecho de que diez de las 80 pymes que hoy participaron sean de nuestra regi\u00f3n\u00bb.<\/p>\n<p>El objetivo principal del Compr\u00e1 PyME es fomentar la comercializaci\u00f3n en supermercados de productos elaborados por pymes de la Provincia de Buenos Aires, de los rubros de alimentos, bebidas, limpieza e higiene personal, aunque se estudia aumentar esta oferta. Es un programa de adhesi\u00f3n voluntaria, de car\u00e1cter colaborativo (p\u00fablico-privado), en el que se establecen ciertas condiciones comerciales entre las partes.<\/p>\n<p>&nbsp;<\/p>\n<blockquote><p><em><a href=\"http:\/\/www.encadenar.com.ar\/wp\">ENCADENAR Negocios en Ronda<\/a> es una plataforma que busca acercar a los empresarios oportunidades para mejorar las condiciones productivas en la provincia de Buenos Aires. \u00a0Por ello, compartimos informaci\u00f3n sobre todas las rondas de negocios que se producen<\/em><\/p>\n<p><em>Se trata de un desarrollo de<a href=\"http:\/\/www.focava.org\" target=\"_blank\" rel=\"noopener\"> FOCAVA (C\u00e1mara de empresarios Bonaerenses para el Fortalecimiento de las Cadenas de Valor)<\/a><\/em><\/p><\/blockquote>\n<p>&nbsp;<\/p>\n","protected":false},"excerpt":{"rendered":"<p>En el Pasaje Dardo Rocha se realiz\u00f3 la 1er Ronda de Negocios del programa provincial \u201cCompr\u00e1 PyME\u201d, que cont\u00f3 con m\u00e1s de 50 pymes y 12 cadenas de supermercados.<\/p>\n","protected":false},"author":1,"featured_media":382,"comment_status":"open","ping_status":"open","sticky":false,"template":"","format":"standard","meta":{"footnotes":""},"categories":[1],"tags":[52,43,18,13,33,63,47,38,62,55,29,66,15,19,46,69,67,44,42,48,54,49,61,51,40,60,9,64,10,41,16,22,14,59,50,45,56,57,39,68,58,53,65],"class_list":["post-381","post","type-post","status-publish","format-standard","has-post-thumbnail","hentry","category-ronda-de-negocios","tag-alberti","tag-bahia-blanca","tag-buenos-aires","tag-cadenas-de-valor","tag-campana","tag-carrefour","tag-chivilcoy","tag-compra-pyme","tag-cooperativa-la-amistad","tag-coronel-pringles","tag-desarrollo-local","tag-dia","tag-empresas","tag-entrevistas","tag-general-pueyrredon","tag-jumbo","tag-la-anonima","tag-la-plata","tag-lanus","tag-lobos","tag-lomas-de-zamora","tag-lujan","tag-malvinas-argentinas","tag-marcoz-paz","tag-ministerio-de-produccion","tag-monte","tag-negocios","tag-nini","tag-proveedores","tag-provincia","tag-pyme","tag-quilmes","tag-ronda-de-negocios","tag-san-antonio-de-areco","tag-san-isidro","tag-san-martin","tag-san-miguel","tag-san-pedro","tag-tizado","tag-toledo","tag-tres-de-febrero","tag-vicente-lopez","tag-wal-mart"],"_links":{"self":[{"href":"https:\/\/encadenar.com.ar\/wp\/wp-json\/wp\/v2\/posts\/381","targetHints":{"allow":["GET"]}}],"collection":[{"href":"https:\/\/encadenar.com.ar\/wp\/wp-json\/wp\/v2\/posts"}],"about":[{"href":"https:\/\/encadenar.com.ar\/wp\/wp-json\/wp\/v2\/types\/post"}],"author":[{"embeddable":true,"href":"https:\/\/encadenar.com.ar\/wp\/wp-json\/wp\/v2\/users\/1"}],"replies":[{"embeddable":true,"href":"https:\/\/encadenar.com.ar\/wp\/wp-json\/wp\/v2\/comments?post=381"}],"version-history":[{"count":9,"href":"https:\/\/encadenar.com.ar\/wp\/wp-json\/wp\/v2\/posts\/381\/revisions"}],"predecessor-version":[{"id":410,"href":"https:\/\/encadenar.com.ar\/wp\/wp-json\/wp\/v2\/posts\/381\/revisions\/410"}],"wp:featuredmedia":[{"embeddable":true,"href":"https:\/\/encadenar.com.ar\/wp\/wp-json\/wp\/v2\/media\/382"}],"wp:attachment":[{"href":"https:\/\/encadenar.com.ar\/wp\/wp-json\/wp\/v2\/media?parent=381"}],"wp:term":[{"taxonomy":"category","embeddable":true,"href":"https:\/\/encadenar.com.ar\/wp\/wp-json\/wp\/v2\/categories?post=381"},{"taxonomy":"post_tag","embeddable":true,"href":"https:\/\/encadenar.com.ar\/wp\/wp-json\/wp\/v2\/tags?post=381"}],"curies":[{"name":"wp","href":"https:\/\/api.w.org\/{rel}","templated":true}]}}