{"id":2455,"date":"2025-08-15T18:59:11","date_gmt":"2025-08-15T21:59:11","guid":{"rendered":"https:\/\/encadenar.com.ar\/wp\/?p=2455"},"modified":"2025-08-26T19:10:13","modified_gmt":"2025-08-26T22:10:13","slug":"celebramos-el-exito-de-la-segunda-edicion-de-encadenar-negocios-en-ronda-en-las-instalaciones-de-amia","status":"publish","type":"post","link":"https:\/\/encadenar.com.ar\/wp\/celebramos-el-exito-de-la-segunda-edicion-de-encadenar-negocios-en-ronda-en-las-instalaciones-de-amia\/","title":{"rendered":"\u00a1Celebramos el \u00e9xito de la segunda edici\u00f3n de\u00a0Encadenar, Negocios en Ronda en las instalaciones de AMIA !"},"content":{"rendered":"\n<p>Con enorme alegr\u00eda y orgullo, compartimos las im\u00e1genes de nuestra segunda edici\u00f3n de&nbsp;<em>Encadenar: Negocios en Ronda<\/em>, realizada en las instalaciones de&nbsp;<strong>AMIA<\/strong>&nbsp;en conjunto con&nbsp;<strong>FOCAVA<\/strong>, la&nbsp;<strong>Fundaci\u00f3n Pro Buenos Aires<\/strong>&nbsp;y con el valioso acompa\u00f1amiento de la&nbsp;<strong>C\u00e1mara de Comercio Argentino-Israel\u00ed<\/strong>.<\/p>\n\n\n\n<p>Este encuentro no solo consolid\u00f3 espacios de negocio, sino que tambi\u00e9n reflej\u00f3 el compromiso de nuestra comunidad con la inclusi\u00f3n y la formaci\u00f3n de futuros profesionales.<\/p>\n\n\n\n<p><strong>\ud83c\udfaf Destacados del evento:<\/strong><\/p>\n\n\n\n<ul class=\"wp-block-list\">\n<li><strong>156 PyMEs participantes<\/strong>, demostrando el dinamismo de nuestro ecosistema productivo.<\/li>\n\n\n\n<li><strong>1.031 reuniones de negocios solicitadas<\/strong>\u00a0a trav\u00e9s del sistema, superando todas las expectativas.<\/li>\n\n\n\n<li>La participaci\u00f3n activa de\u00a0<strong>alumnos en pr\u00e1cticas profesionalizantes<\/strong>\u00a0de Berazategui (en instalaciones compartidas con FOCAVA), quienes se encargaron de la coordinaci\u00f3n, acreditaci\u00f3n y organizaci\u00f3n del evento, aportando profesionalismo y energ\u00eda.<\/li>\n<\/ul>\n\n\n\n<p><strong>\ud83d\ude4c Agradecimientos:<\/strong><br>Agradecemos a todas las instituciones, empresas y personas que hicieron posible este encuentro, y especialmente a los j\u00f3venes que \u2014desde su rol protag\u00f3nico\u2014 demostraron que la formaci\u00f3n pr\u00e1ctica es clave para el crecimiento colectivo.<\/p>\n\n\n\n<p><strong>\u2728 Seguimos conectando oportunidades, tejiendo redes y construyendo futuro.<\/strong><\/p>\n\n\n\n<div class=\"wp-block-columns is-layout-flex wp-container-core-columns-is-layout-9d6595d7 wp-block-columns-is-layout-flex\">\n<div class=\"wp-block-column is-layout-flow wp-block-column-is-layout-flow\" style=\"flex-basis:100%\">\n<figure class=\"wp-block-gallery has-nested-images columns-default is-cropped wp-block-gallery-1 is-layout-flex wp-block-gallery-is-layout-flex\">\n<figure class=\"wp-block-image size-large\"><img loading=\"lazy\" decoding=\"async\" width=\"1024\" height=\"768\" data-id=\"2457\" src=\"https:\/\/encadenar.com.ar\/wp\/wp-content\/uploads\/2025\/08\/WhatsApp-Image-2025-08-14-at-13.08.17-1024x768.jpeg\" alt=\"\" class=\"wp-image-2457\" srcset=\"https:\/\/encadenar.com.ar\/wp\/wp-content\/uploads\/2025\/08\/WhatsApp-Image-2025-08-14-at-13.08.17-1024x768.jpeg 1024w, https:\/\/encadenar.com.ar\/wp\/wp-content\/uploads\/2025\/08\/WhatsApp-Image-2025-08-14-at-13.08.17-300x225.jpeg 300w, https:\/\/encadenar.com.ar\/wp\/wp-content\/uploads\/2025\/08\/WhatsApp-Image-2025-08-14-at-13.08.17-768x576.jpeg 768w, https:\/\/encadenar.com.ar\/wp\/wp-content\/uploads\/2025\/08\/WhatsApp-Image-2025-08-14-at-13.08.17-1536x1152.jpeg 1536w, https:\/\/encadenar.com.ar\/wp\/wp-content\/uploads\/2025\/08\/WhatsApp-Image-2025-08-14-at-13.08.17.jpeg 1600w\" sizes=\"auto, (max-width: 1024px) 100vw, 1024px\" \/><\/figure>\n\n\n\n<figure class=\"wp-block-image size-large\"><img loading=\"lazy\" decoding=\"async\" width=\"577\" height=\"1024\" data-id=\"2458\" src=\"https:\/\/encadenar.com.ar\/wp\/wp-content\/uploads\/2025\/08\/20250814_074536-577x1024.jpg\" alt=\"\" class=\"wp-image-2458\" srcset=\"https:\/\/encadenar.com.ar\/wp\/wp-content\/uploads\/2025\/08\/20250814_074536-577x1024.jpg 577w, https:\/\/encadenar.com.ar\/wp\/wp-content\/uploads\/2025\/08\/20250814_074536-169x300.jpg 169w, https:\/\/encadenar.com.ar\/wp\/wp-content\/uploads\/2025\/08\/20250814_074536-768x1364.jpg 768w, https:\/\/encadenar.com.ar\/wp\/wp-content\/uploads\/2025\/08\/20250814_074536-865x1536.jpg 865w, https:\/\/encadenar.com.ar\/wp\/wp-content\/uploads\/2025\/08\/20250814_074536-1153x2048.jpg 1153w, https:\/\/encadenar.com.ar\/wp\/wp-content\/uploads\/2025\/08\/20250814_074536-scaled.jpg 1441w\" sizes=\"auto, (max-width: 577px) 100vw, 577px\" \/><\/figure>\n\n\n\n<figure class=\"wp-block-image size-large\"><img loading=\"lazy\" decoding=\"async\" width=\"1024\" height=\"576\" data-id=\"2456\" src=\"https:\/\/encadenar.com.ar\/wp\/wp-content\/uploads\/2025\/08\/WhatsApp-Image-2025-08-14-at-13.22.41-1024x576.jpeg\" alt=\"\" class=\"wp-image-2456\" srcset=\"https:\/\/encadenar.com.ar\/wp\/wp-content\/uploads\/2025\/08\/WhatsApp-Image-2025-08-14-at-13.22.41-1024x576.jpeg 1024w, https:\/\/encadenar.com.ar\/wp\/wp-content\/uploads\/2025\/08\/WhatsApp-Image-2025-08-14-at-13.22.41-300x169.jpeg 300w, https:\/\/encadenar.com.ar\/wp\/wp-content\/uploads\/2025\/08\/WhatsApp-Image-2025-08-14-at-13.22.41-768x432.jpeg 768w, https:\/\/encadenar.com.ar\/wp\/wp-content\/uploads\/2025\/08\/WhatsApp-Image-2025-08-14-at-13.22.41-1536x864.jpeg 1536w, https:\/\/encadenar.com.ar\/wp\/wp-content\/uploads\/2025\/08\/WhatsApp-Image-2025-08-14-at-13.22.41.jpeg 1600w\" sizes=\"auto, (max-width: 1024px) 100vw, 1024px\" \/><\/figure>\n\n\n\n<figure class=\"wp-block-image size-large\"><img loading=\"lazy\" decoding=\"async\" width=\"1024\" height=\"577\" data-id=\"2452\" src=\"https:\/\/encadenar.com.ar\/wp\/wp-content\/uploads\/2025\/08\/20250814_101933-1024x577.jpg\" alt=\"\" class=\"wp-image-2452\" srcset=\"https:\/\/encadenar.com.ar\/wp\/wp-content\/uploads\/2025\/08\/20250814_101933-1024x577.jpg 1024w, https:\/\/encadenar.com.ar\/wp\/wp-content\/uploads\/2025\/08\/20250814_101933-300x169.jpg 300w, https:\/\/encadenar.com.ar\/wp\/wp-content\/uploads\/2025\/08\/20250814_101933-768x432.jpg 768w, https:\/\/encadenar.com.ar\/wp\/wp-content\/uploads\/2025\/08\/20250814_101933-1536x865.jpg 1536w, https:\/\/encadenar.com.ar\/wp\/wp-content\/uploads\/2025\/08\/20250814_101933-2048x1153.jpg 2048w\" sizes=\"auto, (max-width: 1024px) 100vw, 1024px\" \/><\/figure>\n\n\n\n<figure class=\"wp-block-image size-large\"><img loading=\"lazy\" decoding=\"async\" width=\"1024\" height=\"577\" data-id=\"2459\" src=\"https:\/\/encadenar.com.ar\/wp\/wp-content\/uploads\/2025\/08\/20250814_100850-1024x577.jpg\" alt=\"\" class=\"wp-image-2459\" srcset=\"https:\/\/encadenar.com.ar\/wp\/wp-content\/uploads\/2025\/08\/20250814_100850-1024x577.jpg 1024w, https:\/\/encadenar.com.ar\/wp\/wp-content\/uploads\/2025\/08\/20250814_100850-300x169.jpg 300w, https:\/\/encadenar.com.ar\/wp\/wp-content\/uploads\/2025\/08\/20250814_100850-768x432.jpg 768w, https:\/\/encadenar.com.ar\/wp\/wp-content\/uploads\/2025\/08\/20250814_100850-1536x865.jpg 1536w, https:\/\/encadenar.com.ar\/wp\/wp-content\/uploads\/2025\/08\/20250814_100850-2048x1153.jpg 2048w\" sizes=\"auto, (max-width: 1024px) 100vw, 1024px\" \/><\/figure>\n<\/figure>\n<\/div>\n<\/div>\n","protected":false},"excerpt":{"rendered":"<p>Con enorme alegr\u00eda y orgullo, compartimos las im\u00e1genes de nuestra segunda edici\u00f3n de&nbsp;Encadenar: Negocios en Ronda, realizada en las instalaciones de&nbsp;AMIA&nbsp;en conjunto con&nbsp;FOCAVA, la&nbsp;Fundaci\u00f3n Pro Buenos Aires&nbsp;y con el valioso acompa\u00f1amiento de la&nbsp;C\u00e1mara de Comercio Argentino-Israel\u00ed. Este encuentro no solo consolid\u00f3 espacios de negocio, sino que tambi\u00e9n reflej\u00f3 el compromiso de nuestra comunidad con la [&hellip;]<\/p>\n","protected":false},"author":1,"featured_media":2456,"comment_status":"open","ping_status":"open","sticky":false,"template":"","format":"standard","meta":{"footnotes":""},"categories":[1],"tags":[],"class_list":["post-2455","post","type-post","status-publish","format-standard","has-post-thumbnail","hentry","category-ronda-de-negocios"],"_links":{"self":[{"href":"https:\/\/encadenar.com.ar\/wp\/wp-json\/wp\/v2\/posts\/2455","targetHints":{"allow":["GET"]}}],"collection":[{"href":"https:\/\/encadenar.com.ar\/wp\/wp-json\/wp\/v2\/posts"}],"about":[{"href":"https:\/\/encadenar.com.ar\/wp\/wp-json\/wp\/v2\/types\/post"}],"author":[{"embeddable":true,"href":"https:\/\/encadenar.com.ar\/wp\/wp-json\/wp\/v2\/users\/1"}],"replies":[{"embeddable":true,"href":"https:\/\/encadenar.com.ar\/wp\/wp-json\/wp\/v2\/comments?post=2455"}],"version-history":[{"count":1,"href":"https:\/\/encadenar.com.ar\/wp\/wp-json\/wp\/v2\/posts\/2455\/revisions"}],"predecessor-version":[{"id":2460,"href":"https:\/\/encadenar.com.ar\/wp\/wp-json\/wp\/v2\/posts\/2455\/revisions\/2460"}],"wp:featuredmedia":[{"embeddable":true,"href":"https:\/\/encadenar.com.ar\/wp\/wp-json\/wp\/v2\/media\/2456"}],"wp:attachment":[{"href":"https:\/\/encadenar.com.ar\/wp\/wp-json\/wp\/v2\/media?parent=2455"}],"wp:term":[{"taxonomy":"category","embeddable":true,"href":"https:\/\/encadenar.com.ar\/wp\/wp-json\/wp\/v2\/categories?post=2455"},{"taxonomy":"post_tag","embeddable":true,"href":"https:\/\/encadenar.com.ar\/wp\/wp-json\/wp\/v2\/tags?post=2455"}],"curies":[{"name":"wp","href":"https:\/\/api.w.org\/{rel}","templated":true}]}}